[{"@context":"https:\/\/schema.org\/","@type":"Article","@id":"https:\/\/www.nebelvir.cz\/s-reklamnim-flash-diskem-nic-nepokazite\/#Article","mainEntityOfPage":"https:\/\/www.nebelvir.cz\/s-reklamnim-flash-diskem-nic-nepokazite\/","headline":"S reklamn\u00edm flash diskem nic nepokaz\u00edte","name":"S reklamn\u00edm flash diskem nic nepokaz\u00edte","description":"Mnoz\u00ed z v\u00e1s je\u0161t\u011b pamatuj\u00ed dobu, kdy v\u00fdraz \u201eflash disk\u201c t\u00e9m\u011b\u0159 nikdo nevyslovoval, a naopak bylo pom\u011brn\u011b p\u0159irozen\u00e9 pou\u017e\u00edvat pravideln\u011b t\u0159\u00ed a p\u016fl palcovou disketu. Lid\u00e9 ji nosili v aktovk\u00e1ch \u010di kabelk\u00e1ch jako p\u0159enosn\u00e9 m\u00e9dium pro archivaci a sd\u00edlen\u00ed dat. Tehdy \u0161lo v\u00edcem\u00e9n\u011b o textov\u00e9 soubory, p\u0159esto jsme si na toto miniaturn\u00ed m\u00e9dium zvykli natolik, [&hellip;]","datePublished":"2019-08-09","dateModified":"2023-04-28","author":{"@type":"Person","@id":"https:\/\/www.nebelvir.cz\/author\/#Person","name":"nebelvir.cz\n","url":"https:\/\/www.nebelvir.cz\/author\/","identifier":1,"image":{"@type":"ImageObject","@id":"https:\/\/secure.gravatar.com\/avatar\/1aa4d33840e2afc29128e2a456d425ca0d17b173c888af2db652b1d34fe6f93d?s=96&d=mm&r=g","url":"https:\/\/secure.gravatar.com\/avatar\/1aa4d33840e2afc29128e2a456d425ca0d17b173c888af2db652b1d34fe6f93d?s=96&d=mm&r=g","height":96,"width":96}},"publisher":{"@type":"Organization","name":"nebelvir.cz","logo":{"@type":"ImageObject","@id":"\/logo.png","url":"\/logo.png","width":600,"height":60}},"image":{"@type":"ImageObject","@id":"https:\/\/www.nebelvir.cz\/wp-content\/uploads\/img_a356493_w1769_t1571032890.png","url":"https:\/\/www.nebelvir.cz\/wp-content\/uploads\/img_a356493_w1769_t1571032890.png","height":0,"width":0},"url":"https:\/\/www.nebelvir.cz\/s-reklamnim-flash-diskem-nic-nepokazite\/","about":["N\u00e1kupy"],"wordCount":408,"articleBody":"   Mnoz\u00ed z v\u00e1s je\u0161t\u011b pamatuj\u00ed dobu, kdy v\u00fdraz \u201eflash disk\u201c t\u00e9m\u011b\u0159 nikdo nevyslovoval, a naopak bylo pom\u011brn\u011b p\u0159irozen\u00e9 pou\u017e\u00edvat pravideln\u011b t\u0159\u00ed a p\u016fl palcovou disketu. Lid\u00e9 ji nosili v aktovk\u00e1ch \u010di kabelk\u00e1ch jako p\u0159enosn\u00e9 m\u00e9dium pro archivaci a sd\u00edlen\u00ed dat. Tehdy \u0161lo v\u00edcem\u00e9n\u011b o textov\u00e9 soubory, p\u0159esto jsme si na toto miniaturn\u00ed m\u00e9dium zvykli natolik, \u017ee n\u00e1m p\u0159ipadalo, \u017ee snad miniaturn\u011bj\u0161\u00ed p\u0159edm\u011bt pro p\u0159enos dat nem\u016f\u017ee existovat, zvl\u00e1\u0161t\u011b pot\u00e9, co mal\u00e9 diskety nahradily jejich osmipalcov\u00e9 ob\u0159\u00ed p\u0159edch\u016fdce. Na po\u010d\u00e1tku nov\u00e9ho mil\u00e9nia se za\u010daly v \u010cesku prod\u00e1vat prvn\u00ed USB pam\u011b\u0165ov\u00e9 disky a p\u0159\u00edli\u0161 velk\u00fd z\u00e1jem o n\u011b nebyl. Byly velmi drah\u00e9 a s jejich kapacitou to tak\u00e9 nebyla \u017e\u00e1dn\u00e1 sl\u00e1va. Nejv\u011bt\u0161\u00ed boom nastal teprve po roce 2006, tehdy jejich ceny v\u00fdrazn\u011b klesly a stala se z nich nejpopul\u00e1rn\u011bj\u0161\u00ed datov\u00e1 \u00falo\u017ei\u0161t\u011b. Popularita pam\u011b\u0165ov\u00fdch disk\u016f se nevytratila ani dnes, v dob\u011b cloudov\u00fdch \u00falo\u017ei\u0161\u0165, je to d\u00e1no t\u00edm, \u017ee p\u0159ece jen m\u00e1me rad\u011bji n\u011bco hmatateln\u00e9ho v kapse, ne\u017e virtu\u00e1ln\u00ed realitu na serveru, nezn\u00e1mo kde.  USB flashdiskem nikoho neuraz\u00edte Flashka, to je ov\u0161em tak\u00e9 presti\u017en\u00ed z\u00e1le\u017eitost. Mnoz\u00ed lid\u00e9 dbaj\u00ed na to, aby byla nejen rychl\u00e1 a kapacitn\u011b dosta\u010duj\u00edc\u00ed, ale aby upoutala pozornost sv\u00fdm vzhledem. Proto se tak\u00e9 velmi \u010dasto vyu\u017e\u00edv\u00e1 jako reklamn\u00ed prost\u0159edek. Nen\u00e1padn\u00fd reklamn\u00ed flash disk tak m\u016f\u017ee b\u00fdt zaj\u00edmav\u00fdm \u0159e\u0161en\u00edm, jak upozornit sv\u00e9 p\u0159\u00e1tele a zn\u00e1m\u00e9 ve form\u011b reklamn\u00ed propagace na jak\u00e9koli t\u00e9ma. T\u00edmto p\u0159edm\u011btem m\u016f\u017eeme sv\u00e9 bl\u00edzk\u00e9 i obdarovat, nav\u00edc nejde o \u017e\u00e1dn\u00fd reklamn\u00ed k\u00fd\u010d, je to p\u0159ece jen p\u0159edm\u011bt velmi \u010dasto vyu\u017e\u00edvan\u00fd pro ukl\u00e1d\u00e1n\u00ed fotografi\u00ed, klip\u016f, webov\u00fdch str\u00e1nek a odkaz\u016f a mnoha dal\u0161\u00edch typ\u016f soubor\u016f. Flashkou zkr\u00e1tka nikoho neuraz\u00edte a dokonce jsou mezi n\u00e1mi i tac\u00ed, co tyto v\u00fdrobky za\u010dali sb\u00edrat. Sb\u011bratelsk\u00e1 v\u00e1\u0161e\u0148 v p\u0159\u00edpad\u011b jedine\u010dn\u00fdch kousk\u016f s reklamn\u00edm potiskem m\u016f\u017ee m\u00edt zaj\u00edmav\u00fd pr\u016fb\u011bh a pochop\u00ed ji jen ten, kdo n\u011bkdy n\u011bco ve sv\u00e9m \u017eivot\u011b sb\u00edral.                                                                                                                                                                                                                                                                                                                                                                                          4\/5 - (3 votes)        "},{"@context":"https:\/\/schema.org\/","@type":"BreadcrumbList","itemListElement":[{"@type":"ListItem","position":1,"name":"S reklamn\u00edm flash diskem nic nepokaz\u00edte","item":"https:\/\/www.nebelvir.cz\/s-reklamnim-flash-diskem-nic-nepokazite\/#breadcrumbitem"}]}]