[{"@context":"https:\/\/schema.org\/","@type":"Article","@id":"https:\/\/www.nebelvir.cz\/regaly\/#Article","mainEntityOfPage":"https:\/\/www.nebelvir.cz\/regaly\/","headline":"Reg\u00e1ly","name":"Reg\u00e1ly","description":"Na\u0161e spole\u010dnost vznikla za \u00fa\u010delem poskytov\u00e1n\u00ed kvalitn\u00edch slu\u017eeb v oblasti vybaven\u00ed pro va\u0161i kancel\u00e1\u0159, provozovnu, sklad nebo d\u00edlnu. Sou\u010d\u00e1st\u00ed na\u0161eho sortimentu jsou ireg\u00e1ly a reg\u00e1lov\u00e9 dopl\u0148ky. Nab\u00edz\u00edme v\u00fdrobky renomovan\u00fdch a osv\u011bd\u010den\u00fdch v\u00fdrobc\u016f, jejich\u017e produkty jsou na sv\u011btov\u00e9 \u00farovni v zadan\u00fdch segmentech. Na\u0161\u00ed prioritou je v\u011bnov\u00e1n\u00ed se ka\u017ed\u00e9mu z\u00e1kazn\u00edkovi osobn\u011b. V\u011b\u0159te, \u017ee komunikace s n\u00e1mi bude [&hellip;]","datePublished":"2025-04-25","dateModified":"2025-04-25","author":{"@type":"Person","@id":"https:\/\/www.nebelvir.cz\/author\/#Person","name":"nebelvir.cz\n","url":"https:\/\/www.nebelvir.cz\/author\/","identifier":1,"image":{"@type":"ImageObject","@id":"https:\/\/secure.gravatar.com\/avatar\/1aa4d33840e2afc29128e2a456d425ca0d17b173c888af2db652b1d34fe6f93d?s=96&d=mm&r=g","url":"https:\/\/secure.gravatar.com\/avatar\/1aa4d33840e2afc29128e2a456d425ca0d17b173c888af2db652b1d34fe6f93d?s=96&d=mm&r=g","height":96,"width":96}},"publisher":{"@type":"Organization","name":"nebelvir.cz","logo":{"@type":"ImageObject","@id":"\/logo.png","url":"\/logo.png","width":600,"height":60}},"url":"https:\/\/www.nebelvir.cz\/regaly\/","wordCount":178,"articleBody":"Na\u0161e spole\u010dnost vznikla za \u00fa\u010delem poskytov\u00e1n\u00ed kvalitn\u00edch slu\u017eeb v oblasti vybaven\u00ed pro va\u0161i kancel\u00e1\u0159, provozovnu, sklad nebo d\u00edlnu. Sou\u010d\u00e1st\u00ed na\u0161eho sortimentu jsou ireg\u00e1ly a reg\u00e1lov\u00e9 dopl\u0148ky. Nab\u00edz\u00edme v\u00fdrobky renomovan\u00fdch a osv\u011bd\u010den\u00fdch v\u00fdrobc\u016f, jejich\u017e produkty jsou na sv\u011btov\u00e9 \u00farovni v zadan\u00fdch segmentech. Na\u0161\u00ed prioritou je v\u011bnov\u00e1n\u00ed se ka\u017ed\u00e9mu z\u00e1kazn\u00edkovi osobn\u011b. V\u011b\u0159te, \u017ee komunikace s n\u00e1mi bude prob\u00edhat na p\u0159\u00e1telsk\u00e9, a p\u0159itom profesion\u00e1ln\u00ed \u00farovni, ve snaze maxim\u00e1ln\u011b vyhov\u011bt va\u0161im po\u017eadavk\u016fm. Na\u0161\u00edm osobn\u00edm p\u0159\u00edstupem chceme zajistit va\u0161i plnou spokojenost jak v oblasti prodeje, tak i v oblasti z\u00e1ruky a poz\u00e1ru\u010dn\u00edm servisu. Chceme, aby na\u0161ereg\u00e1ly, splnily p\u0159\u00e1n\u00ed a pot\u0159eby ka\u017ed\u00e9ho z\u00e1kazn\u00edka. Reg\u00e1ly pro ka\u017ed\u00e9ho V\u011b\u0159\u00edme, \u017ee budete s na\u0161imi reg\u00e1ly a dal\u0161\u00edmi produkty &#8211; v \u010detn\u011b na\u0161ich slu\u017eeb &#8211; spokojeni.                                                                                                                                                                                                                                                                                                                                                                                                "},{"@context":"https:\/\/schema.org\/","@type":"BreadcrumbList","itemListElement":[{"@type":"ListItem","position":1,"name":"Reg\u00e1ly","item":"https:\/\/www.nebelvir.cz\/regaly\/#breadcrumbitem"}]}]