[{"@context":"https:\/\/schema.org\/","@type":"Article","@id":"https:\/\/www.nebelvir.cz\/pul-na-pul-v-domacnostech\/#Article","mainEntityOfPage":"https:\/\/www.nebelvir.cz\/pul-na-pul-v-domacnostech\/","headline":"P\u016fl na p\u016fl v dom\u00e1cnostech","name":"P\u016fl na p\u016fl v dom\u00e1cnostech","description":"Dneska se ji\u017e setk\u00e1te s celou \u0161irokou \u0161k\u00e1lou nejr\u016fzn\u011bj\u0161\u00edch koupelov\u00fdch za\u0159\u00edzen\u00ed pro o\u010distu t\u011bla, na rozd\u00edl od minulosti, kdy jste m\u011bli mo\u017enost setkat se tak maxim\u00e1ln\u011b s n\u011bjakou malou vanou n\u011bkde v byt\u011b \u010di i n\u011bjak\u00fdm sprchov\u00fdm koutem v modern\u011bj\u0161\u00edch bydlen\u00edch. P\u0159ev\u00e1\u017en\u00e1 v\u011bt\u0161ina n\u00e1roda se v\u0161ak koupala ve van\u00e1ch a jak se tak zd\u00e1, tento [&hellip;]","datePublished":"2019-08-23","dateModified":"2023-04-28","author":{"@type":"Person","@id":"https:\/\/www.nebelvir.cz\/author\/#Person","name":"nebelvir.cz\n","url":"https:\/\/www.nebelvir.cz\/author\/","identifier":1,"image":{"@type":"ImageObject","@id":"https:\/\/secure.gravatar.com\/avatar\/1aa4d33840e2afc29128e2a456d425ca0d17b173c888af2db652b1d34fe6f93d?s=96&d=mm&r=g","url":"https:\/\/secure.gravatar.com\/avatar\/1aa4d33840e2afc29128e2a456d425ca0d17b173c888af2db652b1d34fe6f93d?s=96&d=mm&r=g","height":96,"width":96}},"publisher":{"@type":"Organization","name":"nebelvir.cz","logo":{"@type":"ImageObject","@id":"\/logo.png","url":"\/logo.png","width":600,"height":60}},"image":{"@type":"ImageObject","@id":"https:\/\/www.nebelvir.cz\/wp-content\/uploads\/img_a358130_w1769_t1572435170.jpg","url":"https:\/\/www.nebelvir.cz\/wp-content\/uploads\/img_a358130_w1769_t1572435170.jpg","height":0,"width":0},"url":"https:\/\/www.nebelvir.cz\/pul-na-pul-v-domacnostech\/","about":["Podnik\u00e1n\u00ed"],"wordCount":426,"articleBody":"          Dneska se ji\u017e setk\u00e1te s celou \u0161irokou \u0161k\u00e1lou nejr\u016fzn\u011bj\u0161\u00edch koupelov\u00fdch za\u0159\u00edzen\u00ed pro o\u010distu t\u011bla, na rozd\u00edl od minulosti, kdy jste m\u011bli mo\u017enost setkat se tak maxim\u00e1ln\u011b s n\u011bjakou malou vanou n\u011bkde v byt\u011b \u010di i n\u011bjak\u00fdm sprchov\u00fdm koutem v modern\u011bj\u0161\u00edch bydlen\u00edch. P\u0159ev\u00e1\u017en\u00e1 v\u011bt\u0161ina n\u00e1roda se v\u0161ak koupala ve van\u00e1ch a jak se tak zd\u00e1, tento trend p\u0159etrval i nyn\u00ed. Vany jsou st\u00e1le velice popul\u00e1rn\u00ed a to hned z n\u011bkolika d\u016fvod\u016f u r\u016fzn\u00fdch druh\u016f spot\u0159ebitel\u016f.   \u017deny \u017deny cht\u011bj\u00ed m\u00edt dostatek prostoru na o\u010distu. Sprchov\u00fd kout jim neposkytuje takov\u00e9 pohodl\u00ed, kter\u00e9 by \u017eeny pot\u0159ebovaly, nap\u0159\u00edklad na ka\u017edodenn\u00ed \u010di t\u00fddenn\u00ed holen\u00ed ve\u0161ker\u00fdch parti\u00ed t\u011bla, na um\u00fdv\u00e1n\u00ed dlouh\u00fdch, ale i kr\u00e1tk\u00fdch vlas\u016f, na \u010di\u0161t\u011bn\u00ed pleti, na intimn\u00ed hygienu. Zkr\u00e1tka vana je st\u00e1le velice obl\u00edben\u00e1 a spousta \u017een, pokud si m\u00e1 a m\u016f\u017ee zvolit, tak rad\u011bji vol\u00ed pr\u00e1v\u011b vanu, kter\u00e1 je pro n\u011b pohodln\u011bj\u0161\u00ed. Sprchov\u00e9 kouty samoz\u0159ejm\u011b nejsou \u00fapln\u011b u t\u00e9to demografick\u00e9 skupiny vylou\u010deny, nemaj\u00ed v\u0161ak na starou dobrou vanu. Mu\u017ei By\u0165 je pravda, \u017ee v\u011bt\u0161ina mu\u017e\u016f m\u00e1 rad\u011bji sprchov\u00e9 kouty, kter\u00e9 jsou rychlej\u0161\u00ed, prakti\u010dt\u011bj\u0161\u00ed a n\u011bkdy i pro mu\u017ee vhodn\u011bj\u0161\u00ed, velk\u00e1 \u010d\u00e1st tak\u00e9 preferuje nakl\u00e1d\u00e1n\u00ed se ve van\u00e1ch. By\u0165 je to m\u00e9n\u011b \u010dast\u00e9. D\u011bti D\u011bti samoz\u0159ejm\u011b maj\u00ed rad\u011bji vanu, nejen, \u017ee je to m\u00edsto ke ka\u017edodenn\u00ed o\u010dist\u011b, je to tak\u00e9 takov\u00fd mal\u00fd aquapark doma. Ve van\u011b si mohou hr\u00e1t, mohou dov\u00e1d\u011bt a mo\u017en\u00e1 n\u011bkdy z\u016fst\u00e1vat a\u017e p\u0159\u00edli\u0161 dlouho. V\u0161echny tyto skupiny maj\u00ed jedno spole\u010dn\u00e9 \u2013 pohodl\u00ed p\u0159i koup\u00e1n\u00ed, kter\u00e9 sprchov\u00e9 kouty prost\u011b nemaj\u00ed, tam se mus\u00ed st\u00e1t celou dobu.  P\u0159esn\u011b proto jsme tu my, s na\u0161\u00edm servisem van https:\/\/servisvirivychvan.cz\/sluzby\/servis-van\/, proto\u017ee ch\u00e1peme, \u017ee o vany se mus\u00ed nejen pe\u010dovat, ale  ob\u010das s je t\u0159eba i n\u011bco spravit. A to ne ka\u017ed\u00fd dok\u00e1\u017ee. Jsme tu p\u0159esn\u011b proto, abychom v\u00e1m zajistili ty kr\u00e1sn\u00e9 po\u017eitky z ve\u010dern\u00edch koup\u00e1n\u00ed, p\u016flno\u010dn\u00ed l\u00e1zn\u011b i hrav\u00e9 podve\u010dery p\u0159ed ve\u010dern\u00ed\u010dkem s d\u011btmi.                                                                                                                                                                                                                                                                                                                                                                                          4.5\/5 - (4 votes)        "},{"@context":"https:\/\/schema.org\/","@type":"BreadcrumbList","itemListElement":[{"@type":"ListItem","position":1,"name":"P\u016fl na p\u016fl v dom\u00e1cnostech","item":"https:\/\/www.nebelvir.cz\/pul-na-pul-v-domacnostech\/#breadcrumbitem"}]}]