[{"@context":"https:\/\/schema.org\/","@type":"Article","@id":"https:\/\/www.nebelvir.cz\/minimalismus-styl-ktery-zacina-ovladat-svet\/#Article","mainEntityOfPage":"https:\/\/www.nebelvir.cz\/minimalismus-styl-ktery-zacina-ovladat-svet\/","headline":"Minimalismus, styl, kter\u00fd za\u010d\u00edn\u00e1 ovl\u00e1dat sv\u011bt","name":"Minimalismus, styl, kter\u00fd za\u010d\u00edn\u00e1 ovl\u00e1dat sv\u011bt","description":"Stroh\u00e9 obydl\u00ed skl\u00e1daj\u00edc\u00ed se jen z t\u011bch z\u00e1kladn\u00edch v\u011bc\u00ed. \u0160atn\u00edk, kter\u00fd vypad\u00e1, \u017ee zeje pr\u00e1zdnotou. \u017d\u00e1dn\u00e9 zbyte\u010dn\u00e9 dekorace, \u017e\u00e1dn\u00e9 zbyte\u010dn\u00e9 nic. Lid\u00e9, kte\u0159\u00ed \u017eij\u00ed minimalistick\u00fd \u017eivot maj\u00ed vice prostoru b\u00fdt kreativn\u00ed, rozv\u00edjet sv\u00e9 my\u0161lenky, c\u00edt\u00ed klid a pohodu. Nic je nerozptyluje, ani nelp\u00ed na v\u011bcech. \u010casto cestuj\u00ed a rozv\u00edj\u00ed sami sebe. My se zam\u011b\u0159\u00edme hlavn\u011b [&hellip;]","datePublished":"2025-02-28","dateModified":"2023-04-28","author":{"@type":"Person","@id":"https:\/\/www.nebelvir.cz\/author\/#Person","name":"nebelvir.cz\n","url":"https:\/\/www.nebelvir.cz\/author\/","identifier":1,"image":{"@type":"ImageObject","@id":"https:\/\/secure.gravatar.com\/avatar\/1aa4d33840e2afc29128e2a456d425ca0d17b173c888af2db652b1d34fe6f93d?s=96&d=mm&r=g","url":"https:\/\/secure.gravatar.com\/avatar\/1aa4d33840e2afc29128e2a456d425ca0d17b173c888af2db652b1d34fe6f93d?s=96&d=mm&r=g","height":96,"width":96}},"publisher":{"@type":"Organization","name":"nebelvir.cz","logo":{"@type":"ImageObject","@id":"\/logo.png","url":"\/logo.png","width":600,"height":60}},"image":{"@type":"ImageObject","@id":"https:\/\/www.nebelvir.cz\/wp-content\/uploads\/img_a310077_w1769_t1521025670.jpg","url":"https:\/\/www.nebelvir.cz\/wp-content\/uploads\/img_a310077_w1769_t1521025670.jpg","height":0,"width":0},"url":"https:\/\/www.nebelvir.cz\/minimalismus-styl-ktery-zacina-ovladat-svet\/","about":["M\u00f3da"],"wordCount":489,"articleBody":"Stroh\u00e9 obydl\u00ed skl\u00e1daj\u00edc\u00ed se jen z t\u011bch z\u00e1kladn\u00edch v\u011bc\u00ed. \u0160atn\u00edk, kter\u00fd vypad\u00e1, \u017ee zeje pr\u00e1zdnotou. \u017d\u00e1dn\u00e9 zbyte\u010dn\u00e9 dekorace, \u017e\u00e1dn\u00e9 zbyte\u010dn\u00e9 nic.Lid\u00e9, kte\u0159\u00ed \u017eij\u00ed minimalistick\u00fd \u017eivot maj\u00ed vice prostoru b\u00fdt kreativn\u00ed, rozv\u00edjet sv\u00e9 my\u0161lenky, c\u00edt\u00ed klid a pohodu. Nic je nerozptyluje, ani nelp\u00ed na v\u011bcech. \u010casto cestuj\u00ed a rozv\u00edj\u00ed sami sebe. My se zam\u011b\u0159\u00edme hlavn\u011b na jejich oble\u010den\u00ed.\u00a0\tZ\u00e1klad \u0161atn\u00edkuKupovat si kvalitn\u00ed kousky, kter\u00e9 v\u00e1m vydr\u017e\u00ed. Investovat do \u0161atn\u00edku se zd\u00e1 zvl\u00e1\u0161tn\u00ed, kdy\u017e vezmete v potaz fakt, \u017ee se minimalist\u00e9 sna\u017e\u00ed nelp\u011bt na v\u011bcech, m\u00e1 to ov\u0161em sv\u016fj v\u00fdznam. Pokud si koup\u00edte tri\u010dko za dv\u011b st\u011b korun, opot\u0159ebuje se v\u00e1m b\u011bhem chv\u00edle a m\u016f\u017eete si j\u00edt koupit nov\u00e9. Za rok si koup\u00edte podobn\u00fdch tri\u010dek hned n\u011bkolik. Koup\u011b kvalitn\u00edho tri\u010dka v\u00e1s tedy vyjde na v\u011bt\u0161\u00ed pen\u00edze, ale vydr\u017e\u00ed v\u00e1m i n\u011bkolik let, tud\u00ed\u017e je ve finale levn\u011bj\u0161\u00ed, ne\u017e n\u011bkolik tri\u010dek ro\u010dn\u011b. Investice se v\u00e1m vr\u00e1t\u00ed.\u00a0\tNeutr\u00e1ln\u00ed barvy\u0160atn\u00edk minimalist\u016f m\u016f\u017ee p\u016fsobit na prvn\u00ed pohled stroze. Opak je pravdou. \u010cern\u00e1, b\u00edl\u00e1, \u0161ed\u00e1 \u010di pastelov\u00e9 nebo zemit\u00e9 barvy maj\u00ed sv\u016fj v\u00fdznam. Kombinovat neutr\u00e1ln\u00ed barvy je jednodu\u0161\u0161\u00ed ne\u017e sv\u00edtiv\u00e9 \u010di poti\u0161t\u011bn\u00e9 oble\u010den\u00ed. Neznamen\u00e1 to, \u017ee v\u0161echno, co je v\u00fdrazn\u00e9 je \u0161patn\u011b. P\u00e1r kousk\u016f nevad\u00ed. Sami v\u0161ak mus\u00edte usoudit, \u017ee je jednodu\u0161\u0161\u00ed vytvo\u0159it hezk\u00fd outfit z jednodu\u0161\u0161\u00edch kousk\u016f ne\u017e barevn\u00fdch a zdoben\u00fdch.\u00a0\tN\u00e1kupy s rozvahouD\u016fle\u017eitou ot\u00e1zku, kterou si minimalist\u00e9 \u010dasto p\u0159i n\u00e1kupech pokl\u00e1daj\u00ed je, zda danou v\u011bc opravdu pot\u0159ebuj\u00ed. U oble\u010den\u00ed to znamen\u00e1, \u017ee mus\u00ed u dan\u00e9 v\u011bci v\u011bd\u011bt, \u017ee ji opravdu unos\u00ed a bude se jim hodit. Neznamen\u00e1 to nakupovat v\u011bci v moment\u011b, kdy jin\u00e9 u\u017e se nedaj\u00ed t\u00e9m\u011b\u0159 pou\u017e\u00edt. Neznamen\u00e1 to ani to, \u017ee maj\u00ed v \u0161atn\u00edku jedno triko a kalhoty, kter\u00e9 nos\u00ed st\u00e1le dokola. Zkuste si sem tam ale polo\u017eit podobnou ot\u00e1zku. Jist\u011b v\u00e1s to u\u0161et\u0159\u00ed zbyte\u010dn\u00fdch v\u00fddaj\u016f a va\u0161e pen\u011b\u017eenka se bude tetelit blahem.\u00a0\tShrnut\u00ed1.\u00a0\u00a0\u00a0\u00a0\u00a0 Minimalist\u00e9 nelp\u00ed na v\u011bcech, ale dop\u0159\u00e1vaj\u00ed si rad\u011bji kvalitn\u011bj\u0161\u00ed kousky, kter\u00e9 jim d\u00e9le vydr\u017e\u00ed.2.\u00a0\u00a0\u00a0\u00a0\u00a0 V\u011bd\u00ed, \u017ee se jim jejich investice \u010dasem vr\u00e1t\u00ed.3.\u00a0\u00a0\u00a0\u00a0\u00a0 Jejich \u0161atn\u00edk je sp\u00ed\u0161e v neutr\u00e1ln\u00edch barv\u00e1ch.4.\u00a0\u00a0\u00a0\u00a0\u00a0 Neutr\u00e1ln\u00ed barvy se kombinuj\u00ed l\u00e9pe mezi sebou.\u00a0Tak a te\u010f u\u017e v\u00edte, jak na minimalistick\u00fd \u0161atn\u00edk. Za\u010d\u00e1tky b\u00fdvaj\u00ed v\u017edycky obt\u00ed\u017en\u00e9, pokud se budete \u0159\u00eddit pravidlem m\u00e9n\u011b je n\u011bkdy vice, jist\u011b v\u00e1m to p\u016fjde jako po m\u00e1sle.                                                                                                                                                                                                                                                                                                                                                                                        4\/5 - (3 votes)        "},{"@context":"https:\/\/schema.org\/","@type":"BreadcrumbList","itemListElement":[{"@type":"ListItem","position":1,"name":"Minimalismus, styl, kter\u00fd za\u010d\u00edn\u00e1 ovl\u00e1dat sv\u011bt","item":"https:\/\/www.nebelvir.cz\/minimalismus-styl-ktery-zacina-ovladat-svet\/#breadcrumbitem"}]}]