[{"@context":"https:\/\/schema.org\/","@type":"Article","@id":"https:\/\/www.nebelvir.cz\/maly-byt-chytre-nafouknou-skrine-na-miru\/#Article","mainEntityOfPage":"https:\/\/www.nebelvir.cz\/maly-byt-chytre-nafouknou-skrine-na-miru\/","headline":"Mal\u00fd byt chyt\u0159e nafouknou sk\u0159\u00edn\u011b na m\u00edru!","name":"Mal\u00fd byt chyt\u0159e nafouknou sk\u0159\u00edn\u011b na m\u00edru!","description":"M\u00e1te mal\u00fd byt? Anebo m\u00e1te velk\u00fd byt, ale nev\u00edte, co si po\u010d\u00edt s prostorem? Mnohdy nez\u00e1le\u017e\u00ed ani tak na tom, na jak velk\u00e9m anebo naopak mal\u00e9m prostoru bydl\u00edte, ale na tom, jak efektivn\u011b um\u00edte pracovat s prostorem. Jak um\u00edst\u00edte sv\u00e9 v\u011bci a n\u00e1bytek. Mnoho lid\u00ed se neust\u00e1le pot\u00fdk\u00e1 s nedostatkem prostoru a s t\u00edm, \u017ee [&hellip;]","datePublished":"2019-07-09","dateModified":"2023-04-28","author":{"@type":"Person","@id":"https:\/\/www.nebelvir.cz\/author\/#Person","name":"nebelvir.cz\n","url":"https:\/\/www.nebelvir.cz\/author\/","identifier":1,"image":{"@type":"ImageObject","@id":"https:\/\/secure.gravatar.com\/avatar\/1aa4d33840e2afc29128e2a456d425ca0d17b173c888af2db652b1d34fe6f93d?s=96&d=mm&r=g","url":"https:\/\/secure.gravatar.com\/avatar\/1aa4d33840e2afc29128e2a456d425ca0d17b173c888af2db652b1d34fe6f93d?s=96&d=mm&r=g","height":96,"width":96}},"publisher":{"@type":"Organization","name":"nebelvir.cz","logo":{"@type":"ImageObject","@id":"\/logo.png","url":"\/logo.png","width":600,"height":60}},"image":{"@type":"ImageObject","@id":"https:\/\/www.nebelvir.cz\/wp-content\/uploads\/img_a359791_w1769_t1573740108.jpg","url":"https:\/\/www.nebelvir.cz\/wp-content\/uploads\/img_a359791_w1769_t1573740108.jpg","height":0,"width":0},"url":"https:\/\/www.nebelvir.cz\/maly-byt-chytre-nafouknou-skrine-na-miru\/","about":["D\u016fm a zahrada"],"wordCount":429,"articleBody":"          M\u00e1te mal\u00fd byt? Anebo m\u00e1te velk\u00fd byt, ale nev\u00edte, co si po\u010d\u00edt s prostorem? Mnohdy nez\u00e1le\u017e\u00ed ani tak na tom, na jak velk\u00e9m anebo naopak mal\u00e9m prostoru bydl\u00edte, ale na tom, jak efektivn\u011b um\u00edte pracovat s prostorem. Jak um\u00edst\u00edte sv\u00e9 v\u011bci a n\u00e1bytek. Mnoho lid\u00ed se neust\u00e1le pot\u00fdk\u00e1 s nedostatkem prostoru a s t\u00edm, \u017ee maj\u00ed m\u00e1lo m\u00edsta na to, aby do n\u011bj napasovali ve\u0161ker\u00e9 sv\u00e9 v\u011bci, a\u0165 u\u017e se jedn\u00e1 o oble\u010den\u00ed, elektroniku, v\u011bci na zimu anebo naopak na l\u00e9to anebo jin\u00e9 pot\u0159eby, kter\u00e9 pou\u017e\u00edvaj\u00ed jen n\u011bkolikr\u00e1t do roka.M\u016f\u017eete m\u00edt doma t\u0159eba i deset sk\u0159\u00edn\u00ed, a stejn\u011b v\u00e1m to nemus\u00ed sta\u010dit \u2013 d\u00e1 se s t\u00edm n\u011bco d\u011blat?Vyzkou\u0161ejte sk\u0159\u00edn\u011b na m\u00edru! Jedn\u00e1 se o dokonalou pr\u00e1ci s prostorem, kter\u00e1 zajist\u00ed, \u017ee budete m\u00edt najednou p\u0159esn\u011b tolik m\u00edsta na sv\u00e9 pot\u0159eby, kolik je t\u0159eba. A je \u00fapln\u011b jedno, co chcete skladovat. Velkou v\u00fdhodou vestav\u011bn\u00fdch sk\u0159\u00edn\u00ed je p\u0159edev\u0161\u00edm to, \u017ee se vejdou do libovoln\u00e9ho prostoru. M\u016f\u017eete je um\u00edstit jak do chodby, https:\/\/www.velkesamolepky.cz\/chodba\/  tak do sv\u00e9 lo\u017enice, anebo klidn\u011b do koupelny. A v\u011b\u0159te tomu, \u017ee i v tom nejmen\u0161\u00edm byt\u011b se najde dost m\u00edsta, aby tam mohly vzniknout. Jsou ide\u00e1ln\u00ed jak k vyu\u017eit\u00ed dlouh\u00e9 rovn\u00e9 st\u011bny, tak tak\u00e9 do atypick\u00fdch prostor, kter\u00e9 jinak neum\u00edte vyu\u017e\u00edt. S dlouhodob\u011b nevyu\u017e\u00edvan\u00e9ho a nevzhledn\u00e9ho koutu tak m\u016f\u017ee vzniknout dokonal\u00e9 \u00falo\u017en\u00e9 m\u00edsto pro va\u0161e pot\u0159eby, kter\u00e9 bude je\u0161t\u011b ke v\u0161emu skv\u011ble vypadat! Jist\u011b i vy ocen\u00edte, \u017ee vestav\u011bn\u00e9 sk\u0159\u00edn\u011b vyu\u017eij\u00ed vymezen\u00fd prostor naprosto beze zbytku a budou vypadat p\u0159esn\u011b podle va\u0161ich p\u0159\u00e1n\u00ed! Jejich p\u0159edn\u00ed \u010d\u00e1st m\u016f\u017ee b\u00fdt zhotovena ze skla, ze d\u0159eva, z lamin\u00e1tu anebo z jin\u00e9ho materi\u00e1lu. Stejn\u011b tak uspo\u0159\u00e1d\u00e1n\u00ed polic bude p\u0159esn\u011b odpov\u00eddat va\u0161im pot\u0159eb\u00e1m. Celkov\u00fd design z\u00e1le\u017e\u00ed jen na va\u0161em p\u0159\u00e1n\u00ed, a\u0165 u\u017e fand\u00edte modern\u00edmu vzhledu a materi\u00e1l\u016fm anebo se v\u00e1m l\u00edb\u00ed rustik\u00e1ln\u00ed proveden\u00ed, nic nen\u00ed probl\u00e9m. A co je nejd\u016fle\u017eit\u011bj\u0161\u00ed, z\u00edsk\u00e1te prostor, kam ulo\u017e\u00edte ve\u0161ker\u00e9 sv\u00e9 pot\u0159ebn\u00e9 v\u011bci!                                                                                                                                                                                                                                                                                                                                                                                          4.7\/5 - (4 votes)        "},{"@context":"https:\/\/schema.org\/","@type":"BreadcrumbList","itemListElement":[{"@type":"ListItem","position":1,"name":"Mal\u00fd byt chyt\u0159e nafouknou sk\u0159\u00edn\u011b na m\u00edru!","item":"https:\/\/www.nebelvir.cz\/maly-byt-chytre-nafouknou-skrine-na-miru\/#breadcrumbitem"}]}]