[{"@context":"https:\/\/schema.org\/","@type":"Article","@id":"https:\/\/www.nebelvir.cz\/kralovna-mody-cerna-barva\/#Article","mainEntityOfPage":"https:\/\/www.nebelvir.cz\/kralovna-mody-cerna-barva\/","headline":"Kr\u00e1lovna m\u00f3dy: \u010cern\u00e1 barva","name":"Kr\u00e1lovna m\u00f3dy: \u010cern\u00e1 barva","description":"&#8211;\u00a0\u00a0\u00a0\u00a0\u00a0\u00a0\u00a0\u00a0\u00a0 Jednoduch\u00e1 &#8211;\u00a0\u00a0\u00a0\u00a0\u00a0\u00a0\u00a0\u00a0\u00a0 Nenahraditeln\u00e1 &#8211;\u00a0\u00a0\u00a0\u00a0\u00a0\u00a0\u00a0\u00a0\u00a0 Nad\u010dasov\u00e1 &#8211;\u00a0\u00a0\u00a0\u00a0\u00a0\u00a0\u00a0\u00a0\u00a0 Praktick\u00e1 &#8211;\u00a0\u00a0\u00a0\u00a0\u00a0\u00a0\u00a0\u00a0\u00a0 Elegantn\u00ed &#8211;\u00a0\u00a0\u00a0\u00a0\u00a0\u00a0\u00a0\u00a0\u00a0 Sv\u016fdn\u00e1 &#8211;\u00a0\u00a0\u00a0\u00a0\u00a0\u00a0\u00a0\u00a0\u00a0 Mnoho\u00fa\u010delov\u00e1 A nikoho nezran\u00ed. To jsou nejv\u011bt\u0161\u00ed v\u00fdhody \u010dern\u00e9 barvy. M\u016f\u017eeme je nosit na poh\u0159by i na svatby, m\u016f\u017eeme si dovolit zvolit outfit v\u00a0\u010dern\u00e9 v\u00a0l\u00e9t\u011b i v\u00a0zim\u011b, pokud zvol\u00edme tu spr\u00e1vnou kombinaci k\u00a0t\u00e9 prav\u00e9 p\u0159\u00edle\u017eitosti. Pro\u010d \u010dern\u00e1 funguje zcela zaru\u010den\u011b a slu\u0161\u00ed [&hellip;]","datePublished":"2023-04-28","dateModified":"2023-04-28","author":{"@type":"Person","@id":"https:\/\/www.nebelvir.cz\/author\/#Person","name":"nebelvir.cz\n","url":"https:\/\/www.nebelvir.cz\/author\/","identifier":1,"image":{"@type":"ImageObject","@id":"https:\/\/secure.gravatar.com\/avatar\/1aa4d33840e2afc29128e2a456d425ca0d17b173c888af2db652b1d34fe6f93d?s=96&d=mm&r=g","url":"https:\/\/secure.gravatar.com\/avatar\/1aa4d33840e2afc29128e2a456d425ca0d17b173c888af2db652b1d34fe6f93d?s=96&d=mm&r=g","height":96,"width":96}},"publisher":{"@type":"Organization","name":"nebelvir.cz","logo":{"@type":"ImageObject","@id":"\/logo.png","url":"\/logo.png","width":600,"height":60}},"url":"https:\/\/www.nebelvir.cz\/kralovna-mody-cerna-barva\/","about":["M\u00f3da"],"wordCount":388,"articleBody":"&#8211;\u00a0\u00a0\u00a0\u00a0\u00a0\u00a0\u00a0\u00a0\u00a0 Jednoduch\u00e1&#8211;\u00a0\u00a0\u00a0\u00a0\u00a0\u00a0\u00a0\u00a0\u00a0 Nenahraditeln\u00e1&#8211;\u00a0\u00a0\u00a0\u00a0\u00a0\u00a0\u00a0\u00a0\u00a0 Nad\u010dasov\u00e1 &#8211;\u00a0\u00a0\u00a0\u00a0\u00a0\u00a0\u00a0\u00a0\u00a0 Praktick\u00e1&#8211;\u00a0\u00a0\u00a0\u00a0\u00a0\u00a0\u00a0\u00a0\u00a0 Elegantn\u00ed &#8211;\u00a0\u00a0\u00a0\u00a0\u00a0\u00a0\u00a0\u00a0\u00a0 Sv\u016fdn\u00e1 &#8211;\u00a0\u00a0\u00a0\u00a0\u00a0\u00a0\u00a0\u00a0\u00a0 Mnoho\u00fa\u010delov\u00e1 A nikoho nezran\u00ed. To jsou nejv\u011bt\u0161\u00ed v\u00fdhody \u010dern\u00e9 barvy. M\u016f\u017eeme je nosit na poh\u0159by i na svatby, m\u016f\u017eeme si dovolit zvolit outfit v\u00a0\u010dern\u00e9 v\u00a0l\u00e9t\u011b i v\u00a0zim\u011b, pokud zvol\u00edme tu spr\u00e1vnou kombinaci k\u00a0t\u00e9 prav\u00e9 p\u0159\u00edle\u017eitosti.\tPro\u010d \u010dern\u00e1 funguje zcela zaru\u010den\u011b a slu\u0161\u00ed ka\u017ed\u00e9mu?1.\u00a0\u00a0\u00a0\u00a0\u00a0\u00a0 D\u00e1 se kombinovat s\u00a0\u010d\u00edmkoliZvolte k\u00a0n\u00ed jakoukoliv dal\u0161\u00ed barvu a v\u017edy v\u00e1m to d\u00e1 n\u00e1dhern\u00fd v\u00fdsledek. \u010cern\u00e1 se s\u00a0\u017e\u00e1dnou barvou nebije ani nen\u00ed p\u0159\u00edli\u0161 dominantn\u00ed. Cokoliv v\u00a0kombinaci s\u00a0\u010dernou barvou je pro na\u0161e oko p\u0159\u00edjemn\u00e9. Zvl\u00e1dneme s\u00a0jedin\u00fdm \u010dern\u00fdm dopl\u0148kem minim\u00e1ln\u011b dvacet r\u016fzn\u00fdch outfit\u016f na dvacet r\u016fzn\u00fdch p\u0159\u00edle\u017eitost\u00ed. N\u011bkdy m\u016f\u017ee \u010dern\u00e1 vypadat zcela nen\u00e1padn\u011b, pln\u011b elegantn\u011b. Jindy m\u016f\u017ee b\u00fdt sv\u016fdn\u00e1 a podmaniv\u00e1. T\u011b\u017eko bychom hledaly jakoukoliv jinou barvu, kter\u00e1 um\u00ed oboj\u00ed.2.\u00a0\u00a0\u00a0\u00a0\u00a0\u00a0 Opticky ze\u0161t\u00edhluje A tak\u00e9 prodlu\u017euje postavu. Jedn\u00e1 se sice pouze o klam oka a lomu sv\u011btla, ale je to velice \u00fa\u010dinn\u00e9. Nav\u00edc na \u010dern\u00e9 barv\u011b nejsou tolik vid\u011bt fald\u00edky nebo kila nav\u00edc, \u010dern\u00e1 barva v\u0161echno pohodln\u011b skryje. Pr\u00e1v\u011b tyto mal\u00e9 triky, jak\u00fdmi svou nap\u0159\u00edklad pod\u00e9ln\u00e9 prou\u017eky, nejl\u00e9pe b\u00edl\u00e9, dok\u00e1\u017eete svou postavu opticky prodlou\u017eit a ze\u0161t\u00edhlit.3.\u00a0\u00a0\u00a0\u00a0\u00a0\u00a0 Praktick\u00e1 Pro ka\u017edodenn\u00ed pou\u017eit\u00ed je \u010dern\u00e1 barva nejlep\u0161\u00ed. Nen\u00ed na n\u00ed vid\u011bt zne\u010di\u0161t\u011bn\u00ed tolik, jak oje na sv\u011btl\u00fdch kousc\u00edch a nemus\u00edte se b\u00e1t, \u017ee kdy\u017e se p\u0159es den u\u0161pin\u00edte, v\u0161ichni to uvid\u00ed. \u010cern\u00e1 barva snese mnoho, co\u017e je tak\u00e9 velice dobr\u00e9. Nav\u00edc si \u010dernou m\u016f\u017eete obl\u00e9knout v\u00a0jak\u00e9mkoli ro\u010dn\u00edm obdob\u00ed. Tak\u00e9 nen\u00ed osoba, kter\u00e9 by \u010dern\u00e1 barva neslu\u0161ela, a\u0165 u\u017e mu\u017e\u016fm nebo \u017een\u00e1m.4.\u00a0\u00a0\u00a0\u00a0\u00a0\u00a0 M\u016f\u017eete si vyb\u00edrat! Od plavek a\u017e po zimn\u00ed bundy. Ov\u0161em rozhodn\u011b by v\u00e1m nem\u011bly ve sk\u0159\u00edni chyb\u011bt n\u011bkter\u00e9 tradi\u010dn\u00ed kousky: ko\u017een\u00e1 bunda, \u00fazk\u00e9 kalhoty, n\u00e1t\u011bln\u00edk, halenka a koktejlky. A v\u00a0botn\u00edku minim\u00e1ln\u011b jedny lodi\u010dky \u2013 i t\u011bm slu\u0161\u00ed \u010dern\u00e1.                                                                                                                                                                                                                                                                                                                                                                                        4.2\/5 - (4 votes)        "},{"@context":"https:\/\/schema.org\/","@type":"BreadcrumbList","itemListElement":[{"@type":"ListItem","position":1,"name":"Kr\u00e1lovna m\u00f3dy: \u010cern\u00e1 barva","item":"https:\/\/www.nebelvir.cz\/kralovna-mody-cerna-barva\/#breadcrumbitem"}]}]