[{"@context":"https:\/\/schema.org\/","@type":"Article","@id":"https:\/\/www.nebelvir.cz\/kam-si-vsechno-ulozit\/#Article","mainEntityOfPage":"https:\/\/www.nebelvir.cz\/kam-si-vsechno-ulozit\/","headline":"Kam si v\u0161echno ulo\u017eit?","name":"Kam si v\u0161echno ulo\u017eit?","description":"Pokud m\u00e1 \u010dlov\u011bk jenom n\u011bjak\u00fdch sv\u00fdch pov\u011bstn\u00fdch p\u011bt \u0161vestek, ulo\u017e\u00ed si je doma kamkoliv. Na to je tu m\u00edsta dost. Kdy\u017e m\u00e1 n\u011bkdo v\u011bc\u00ed v\u00edc, m\u016f\u017ee je pak t\u0159eba vynosit na p\u016fdu, sn\u00e9st do sklepa nebo odlo\u017eit https:\/\/jablickar.cz\/proc-vas-budik-v-iphonu-budi-vzdy-v-devitiminutovych-intervalech\/ dejme tomu do n\u011bjak\u00e9 sv\u00e9 k\u016flny nebo gar\u00e1\u017ee. Jen\u017ee krom\u011b takov\u00fdch lid\u00ed jsou tu i ti, kdo [&hellip;]","datePublished":"2022-07-08","dateModified":"2023-04-28","author":{"@type":"Person","@id":"https:\/\/www.nebelvir.cz\/author\/#Person","name":"nebelvir.cz\n","url":"https:\/\/www.nebelvir.cz\/author\/","identifier":1,"image":{"@type":"ImageObject","@id":"https:\/\/secure.gravatar.com\/avatar\/1aa4d33840e2afc29128e2a456d425ca0d17b173c888af2db652b1d34fe6f93d?s=96&d=mm&r=g","url":"https:\/\/secure.gravatar.com\/avatar\/1aa4d33840e2afc29128e2a456d425ca0d17b173c888af2db652b1d34fe6f93d?s=96&d=mm&r=g","height":96,"width":96}},"publisher":{"@type":"Organization","name":"nebelvir.cz","logo":{"@type":"ImageObject","@id":"\/logo.png","url":"\/logo.png","width":600,"height":60}},"image":{"@type":"ImageObject","@id":"https:\/\/www.nebelvir.cz\/wp-content\/uploads\/interi%C3%A9r%20skladu.jpg","url":"https:\/\/www.nebelvir.cz\/wp-content\/uploads\/interi%C3%A9r%20skladu.jpg","height":0,"width":0},"url":"https:\/\/www.nebelvir.cz\/kam-si-vsechno-ulozit\/","about":["Podnik\u00e1n\u00ed"],"wordCount":425,"articleBody":"         Pokud m\u00e1 \u010dlov\u011bk jenom n\u011bjak\u00fdch sv\u00fdch pov\u011bstn\u00fdch p\u011bt \u0161vestek, ulo\u017e\u00ed si je doma kamkoliv. Na to je tu m\u00edsta dost. Kdy\u017e m\u00e1 n\u011bkdo v\u011bc\u00ed v\u00edc, m\u016f\u017ee je pak t\u0159eba vynosit na p\u016fdu, sn\u00e9st do sklepa nebo odlo\u017eit  https:\/\/jablickar.cz\/proc-vas-budik-v-iphonu-budi-vzdy-v-devitiminutovych-intervalech\/ dejme tomu do n\u011bjak\u00e9 sv\u00e9 k\u016flny nebo gar\u00e1\u017ee.  Jen\u017ee krom\u011b takov\u00fdch lid\u00ed jsou tu i ti, kdo maj\u00ed v\u011bc\u00ed, je\u017e by se m\u011bly uskladnit, p\u0159ece jenom mnoho, v\u00edc, ne\u017e kolik jich obvykle na\u0161e domovy a k nim n\u00e1le\u017eej\u00edc\u00ed objekty pojmou. Jsou tu t\u0159eba i majitel\u00e9 nejr\u016fzn\u011bj\u0161\u00edch firem, kte\u0159\u00ed zkr\u00e1tka mus\u00ed n\u011bkam ulo\u017eit dejme tomu sv\u00e9 hotov\u00e9 v\u00fdrobky p\u0159ed distribuc\u00ed, nebo dejme tomu materi\u00e1l, stroje a podobn\u011b. A takov\u00ed lid\u00e9 u\u017e to maj\u00ed komplikovan\u011bj\u0161\u00ed.  Kdo m\u00e1 n\u011b\u010deho k uskladn\u011bn\u00ed skute\u010dn\u011b hodn\u011b, pot\u0159ebuje k tomu n\u011bjak\u00fd v\u011bt\u0161\u00ed prostor. A proto\u017ee \u017eijeme v zemi, kde nen\u00ed zase a\u017e tak norm\u00e1ln\u00ed nekr\u00e1st, je nasnad\u011b, \u017ee podobn\u00ed lid\u00e9 sh\u00e1n\u011bj\u00ed v takov\u00fdch situac\u00edch i m\u00edsto, kter\u00e9 se d\u00e1 bezpe\u010dn\u011b zav\u0159\u00edt a zamknout, aby se to ulo\u017een\u00e9 uchr\u00e1nilo p\u0159ed nenechavci. Ale kde takov\u00fd skladovac\u00ed prostor vz\u00edt? Jako docela vhodn\u00e9 \u0159e\u0161en\u00ed se nab\u00edz\u00ed kup\u0159\u00edkladu pron\u00e1jem skladu Praha. Pochopiteln\u011b v p\u0159\u00edpad\u011b t\u011bch, kdo maj\u00ed toto m\u00edsto v dosahu a jim\u017e pr\u00e1v\u011b n\u011bco takov\u00e9ho vyhovuje. A v\u011b\u0159te mi, \u017ee to vyhovuje mnoh\u00fdm. Jde o rychl\u00e9 a jednoduch\u00e9 \u0159e\u0161en\u00ed, jak z\u00edskat prostory ke skladov\u00e1n\u00ed, proto\u017ee zde se nab\u00edzej\u00ed skladovac\u00ed kontejnery. Kter\u00e9 jsou dostupn\u00e9, vhodn\u00e9 ke skladov\u00e1n\u00ed prakticky \u010dehokoliv, r\u016fzn\u00fdch p\u0159edm\u011bt\u016f a materi\u00e1l\u016f. Proto\u017ee zde nic neutrp\u00ed ani kv\u016fli nep\u0159\u00edzni po\u010das\u00ed, ani kv\u016fli n\u011bjak\u00e9mu riziku po\u0161kozen\u00ed.  A takov\u00e9 skladovac\u00ed kontejnery si tu lze pronajmout klidn\u011b i jen kr\u00e1tkodob\u011b, t\u0159eba v p\u0159\u00edpad\u011b, kdy se n\u011bjak\u00e1 firma st\u011bhuje, kdy\u017e se n\u011bkde mus\u00ed n\u011bjak\u00fd objekt rekonstruovat a podobn\u011b. Ka\u017ed\u00fd z okol\u00ed m\u00e1 tedy mo\u017enost nal\u00e9zt m\u00edsto, kam by si sv\u00e9 skladov\u00e9 z\u00e1soby ulo\u017eil. A nen\u00ed tak t\u0159eba kupovat si hned n\u011bjak\u00e9 skladov\u00e9 haly nebo jin\u00e9 nemovitosti, je\u017e by ur\u010dit\u011b lezly do pen\u011bz. Na rozd\u00edl od skladovac\u00edch kontejner\u016f.                                                                                                                                                                                                                                                                                                                                                                                          5\/5 - (2 votes)        "},{"@context":"https:\/\/schema.org\/","@type":"BreadcrumbList","itemListElement":[{"@type":"ListItem","position":1,"name":"Kam si v\u0161echno ulo\u017eit?","item":"https:\/\/www.nebelvir.cz\/kam-si-vsechno-ulozit\/#breadcrumbitem"}]}]